{"id":22784,"date":"2026-08-24T16:46:05","date_gmt":"2026-08-24T14:46:05","guid":{"rendered":"https:\/\/www.danilocoluccio.com\/?p=22784"},"modified":"2026-08-25T11:29:55","modified_gmt":"2026-08-25T09:29:55","slug":"fotografo-compleanno-sergio-cremona-riva-diva-beach","status":"publish","type":"post","link":"https:\/\/www.danilocoluccio.com\/?p=22784","title":{"rendered":"AL COMPLEANNO DI SERGIO, RIVA DIVA BEACH"},"content":{"rendered":"\n<p class=\"wp-block-paragraph\">Ho avuto il piacere di fotografare il compleanno di Sergio Cremona <strong>\u2014<\/strong> che ringrazio <strong>\u2014<\/strong>, eclettico imprenditore con attivit\u00e0 in Francia e figura di spicco all&#8217;estero come Presidente dell\u2019Associazione <em>&#8220;Pr\u00e9sence Italienne nel Monde&#8221;<\/em>, ma soprattutto calabrese doc e mio compaesano. Il Dott.Sergio, infatti, vive e lavora oltralpe, ma non dimentica le sue radici e trascorre le vacanze nella sua casa di famiglia a Siderno, la mia stessa citt\u00e0. La festa si \u00e8 tenuta al lido &#8220;Riva Diva Beach&#8221; a Marina di Gioiosa Jonica, di propriet\u00e0 dei fratelli Sculli, gi\u00e0 noti per il celebre ristorante Gambero Rosso, recentemente insignito della prestigiosa stella Michelin. La splendida serata \u00e8 stata allietata da un&#8217;invitata d&#8217;eccezione: la straordinaria voce di Rita Sensoli, nota artista che si \u00e8 esibita spesso sui canali Rai. La festa \u00e8 poi continuata grazie anche alla musica della band di Ernesta Castan\u00f2.<\/p>\n\n\n\n<p class=\"wp-block-paragraph\">\u00a9 <em>Danilo<\/em>, agosto 2026 &#8211;  www.danilocoluccio.com<\/p>\n\n\n\n<figure class=\"wp-block-gallery has-nested-images columns-1 is-cropped wp-block-gallery-1 is-layout-flex wp-block-gallery-is-layout-flex\">\n<figure class=\"wp-block-image size-large\"><img data-recalc-dims=\"1\" loading=\"lazy\" decoding=\"async\" width=\"660\" height=\"440\" data-id=\"23209\" src=\"https:\/\/i0.wp.com\/www.danilocoluccio.com\/wp-content\/uploads\/2026\/08\/danilo-coluccio-fotografo-riva-diva-beach-01-3.jpg?resize=660%2C440&#038;ssl=1\" alt=\"Reportage fotografico al Riva Diva Beach di Marina di Gioiosa Jonica, fotografie di Danilo Coluccio.\nNella foto Sergio Cremona\" class=\"wp-image-23209\" srcset=\"https:\/\/i0.wp.com\/www.danilocoluccio.com\/wp-content\/uploads\/2026\/08\/danilo-coluccio-fotografo-riva-diva-beach-01-3.jpg?resize=1024%2C683&amp;ssl=1 1024w, https:\/\/i0.wp.com\/www.danilocoluccio.com\/wp-content\/uploads\/2026\/08\/danilo-coluccio-fotografo-riva-diva-beach-01-3.jpg?resize=150%2C100&amp;ssl=1 150w, https:\/\/i0.wp.com\/www.danilocoluccio.com\/wp-content\/uploads\/2026\/08\/danilo-coluccio-fotografo-riva-diva-beach-01-3.jpg?resize=768%2C512&amp;ssl=1 768w, https:\/\/i0.wp.com\/www.danilocoluccio.com\/wp-content\/uploads\/2026\/08\/danilo-coluccio-fotografo-riva-diva-beach-01-3.jpg?w=1500&amp;ssl=1 1500w, https:\/\/i0.wp.com\/www.danilocoluccio.com\/wp-content\/uploads\/2026\/08\/danilo-coluccio-fotografo-riva-diva-beach-01-3.jpg?w=1320&amp;ssl=1 1320w\" sizes=\"auto, (max-width: 660px) 100vw, 660px\" \/><\/figure>\n\n\n\n<figure class=\"wp-block-image size-large\"><img data-recalc-dims=\"1\" loading=\"lazy\" decoding=\"async\" width=\"660\" height=\"440\" data-id=\"23206\" src=\"https:\/\/i0.wp.com\/www.danilocoluccio.com\/wp-content\/uploads\/2026\/08\/reportage-compleanno-sergio-cremona-02-4.jpg-4.jpg?resize=660%2C440&#038;ssl=1\" alt=\"Reportage fotografico al Riva Diva Beach di Marina di Gioiosa Jonica, fotografie di Danilo Coluccio.\nNella foto Sergio Cremona e Rita Sensoli\" class=\"wp-image-23206\" srcset=\"https:\/\/i0.wp.com\/www.danilocoluccio.com\/wp-content\/uploads\/2026\/08\/reportage-compleanno-sergio-cremona-02-4.jpg-4.jpg?resize=1024%2C683&amp;ssl=1 1024w, https:\/\/i0.wp.com\/www.danilocoluccio.com\/wp-content\/uploads\/2026\/08\/reportage-compleanno-sergio-cremona-02-4.jpg-4.jpg?resize=150%2C100&amp;ssl=1 150w, https:\/\/i0.wp.com\/www.danilocoluccio.com\/wp-content\/uploads\/2026\/08\/reportage-compleanno-sergio-cremona-02-4.jpg-4.jpg?resize=768%2C512&amp;ssl=1 768w, https:\/\/i0.wp.com\/www.danilocoluccio.com\/wp-content\/uploads\/2026\/08\/reportage-compleanno-sergio-cremona-02-4.jpg-4.jpg?w=1500&amp;ssl=1 1500w, https:\/\/i0.wp.com\/www.danilocoluccio.com\/wp-content\/uploads\/2026\/08\/reportage-compleanno-sergio-cremona-02-4.jpg-4.jpg?w=1320&amp;ssl=1 1320w\" sizes=\"auto, (max-width: 660px) 100vw, 660px\" \/><\/figure>\n\n\n\n<figure class=\"wp-block-image size-large\"><img data-recalc-dims=\"1\" loading=\"lazy\" decoding=\"async\" width=\"660\" height=\"440\" data-id=\"23210\" src=\"https:\/\/i0.wp.com\/www.danilocoluccio.com\/wp-content\/uploads\/2026\/08\/fotografia-rita-sensoli-riva-diva-beach-05-3.jpg-3.jpg?resize=660%2C440&#038;ssl=1\" alt=\"Reportage fotografico al Riva Diva Beach di Marina di Gioiosa Jonica, fotografie di Danilo Coluccio.\nNella foto Rita Sensoli\" class=\"wp-image-23210\" srcset=\"https:\/\/i0.wp.com\/www.danilocoluccio.com\/wp-content\/uploads\/2026\/08\/fotografia-rita-sensoli-riva-diva-beach-05-3.jpg-3.jpg?resize=1024%2C683&amp;ssl=1 1024w, https:\/\/i0.wp.com\/www.danilocoluccio.com\/wp-content\/uploads\/2026\/08\/fotografia-rita-sensoli-riva-diva-beach-05-3.jpg-3.jpg?resize=150%2C100&amp;ssl=1 150w, https:\/\/i0.wp.com\/www.danilocoluccio.com\/wp-content\/uploads\/2026\/08\/fotografia-rita-sensoli-riva-diva-beach-05-3.jpg-3.jpg?resize=768%2C512&amp;ssl=1 768w, https:\/\/i0.wp.com\/www.danilocoluccio.com\/wp-content\/uploads\/2026\/08\/fotografia-rita-sensoli-riva-diva-beach-05-3.jpg-3.jpg?w=1500&amp;ssl=1 1500w, https:\/\/i0.wp.com\/www.danilocoluccio.com\/wp-content\/uploads\/2026\/08\/fotografia-rita-sensoli-riva-diva-beach-05-3.jpg-3.jpg?w=1320&amp;ssl=1 1320w\" sizes=\"auto, (max-width: 660px) 100vw, 660px\" \/><\/figure>\n\n\n\n<figure class=\"wp-block-image size-large\"><img data-recalc-dims=\"1\" loading=\"lazy\" decoding=\"async\" width=\"660\" height=\"440\" data-id=\"23207\" src=\"https:\/\/i0.wp.com\/www.danilocoluccio.com\/wp-content\/uploads\/2026\/08\/fotografo-rita-sensoli-riva-diva-beach-06-3.jpg-3.jpg?resize=660%2C440&#038;ssl=1\" alt=\"Reportage di compleanno al Riva Diva Beach di Marina di Gioiosa Jonica, fotografie di Danilo Coluccio.\nNella foto Rita Sensoli\" class=\"wp-image-23207\" srcset=\"https:\/\/i0.wp.com\/www.danilocoluccio.com\/wp-content\/uploads\/2026\/08\/fotografo-rita-sensoli-riva-diva-beach-06-3.jpg-3.jpg?resize=1024%2C683&amp;ssl=1 1024w, https:\/\/i0.wp.com\/www.danilocoluccio.com\/wp-content\/uploads\/2026\/08\/fotografo-rita-sensoli-riva-diva-beach-06-3.jpg-3.jpg?resize=150%2C100&amp;ssl=1 150w, https:\/\/i0.wp.com\/www.danilocoluccio.com\/wp-content\/uploads\/2026\/08\/fotografo-rita-sensoli-riva-diva-beach-06-3.jpg-3.jpg?resize=768%2C512&amp;ssl=1 768w, https:\/\/i0.wp.com\/www.danilocoluccio.com\/wp-content\/uploads\/2026\/08\/fotografo-rita-sensoli-riva-diva-beach-06-3.jpg-3.jpg?w=1500&amp;ssl=1 1500w, https:\/\/i0.wp.com\/www.danilocoluccio.com\/wp-content\/uploads\/2026\/08\/fotografo-rita-sensoli-riva-diva-beach-06-3.jpg-3.jpg?w=1320&amp;ssl=1 1320w\" sizes=\"auto, (max-width: 660px) 100vw, 660px\" \/><\/figure>\n\n\n\n<figure class=\"wp-block-image size-large\"><img data-recalc-dims=\"1\" loading=\"lazy\" decoding=\"async\" width=\"660\" height=\"440\" data-id=\"23212\" src=\"https:\/\/i0.wp.com\/www.danilocoluccio.com\/wp-content\/uploads\/2026\/08\/festa-compleanno-riva-diva-beach-03-3.jpg-3.jpg?resize=660%2C440&#038;ssl=1\" alt=\"Reportage di compleanno al Riva Diva Beach di Marina di Gioiosa Jonica, fotografie di Danilo Coluccio.\n\" class=\"wp-image-23212\" srcset=\"https:\/\/i0.wp.com\/www.danilocoluccio.com\/wp-content\/uploads\/2026\/08\/festa-compleanno-riva-diva-beach-03-3.jpg-3.jpg?resize=1024%2C683&amp;ssl=1 1024w, https:\/\/i0.wp.com\/www.danilocoluccio.com\/wp-content\/uploads\/2026\/08\/festa-compleanno-riva-diva-beach-03-3.jpg-3.jpg?resize=150%2C100&amp;ssl=1 150w, https:\/\/i0.wp.com\/www.danilocoluccio.com\/wp-content\/uploads\/2026\/08\/festa-compleanno-riva-diva-beach-03-3.jpg-3.jpg?resize=768%2C512&amp;ssl=1 768w, https:\/\/i0.wp.com\/www.danilocoluccio.com\/wp-content\/uploads\/2026\/08\/festa-compleanno-riva-diva-beach-03-3.jpg-3.jpg?w=1500&amp;ssl=1 1500w, https:\/\/i0.wp.com\/www.danilocoluccio.com\/wp-content\/uploads\/2026\/08\/festa-compleanno-riva-diva-beach-03-3.jpg-3.jpg?w=1320&amp;ssl=1 1320w\" sizes=\"auto, (max-width: 660px) 100vw, 660px\" \/><\/figure>\n\n\n\n<figure class=\"wp-block-image size-large\"><img data-recalc-dims=\"1\" loading=\"lazy\" decoding=\"async\" width=\"660\" height=\"440\" data-id=\"23208\" src=\"https:\/\/i0.wp.com\/www.danilocoluccio.com\/wp-content\/uploads\/2026\/08\/fotografia-riccardo-sculli-riva-diva-beach-07-4.jpg-4.jpg?resize=660%2C440&#038;ssl=1\" alt=\"Reportage di compleanno al Riva Diva Beach di Marina di Gioiosa Jonica, fotografie di Danilo Coluccio.\nNella foto Riccardo Sculli e Sergio Cremona ed Ernesta Castan\u00f2\" class=\"wp-image-23208\" srcset=\"https:\/\/i0.wp.com\/www.danilocoluccio.com\/wp-content\/uploads\/2026\/08\/fotografia-riccardo-sculli-riva-diva-beach-07-4.jpg-4.jpg?resize=1024%2C683&amp;ssl=1 1024w, https:\/\/i0.wp.com\/www.danilocoluccio.com\/wp-content\/uploads\/2026\/08\/fotografia-riccardo-sculli-riva-diva-beach-07-4.jpg-4.jpg?resize=150%2C100&amp;ssl=1 150w, https:\/\/i0.wp.com\/www.danilocoluccio.com\/wp-content\/uploads\/2026\/08\/fotografia-riccardo-sculli-riva-diva-beach-07-4.jpg-4.jpg?resize=768%2C512&amp;ssl=1 768w, https:\/\/i0.wp.com\/www.danilocoluccio.com\/wp-content\/uploads\/2026\/08\/fotografia-riccardo-sculli-riva-diva-beach-07-4.jpg-4.jpg?w=1500&amp;ssl=1 1500w, https:\/\/i0.wp.com\/www.danilocoluccio.com\/wp-content\/uploads\/2026\/08\/fotografia-riccardo-sculli-riva-diva-beach-07-4.jpg-4.jpg?w=1320&amp;ssl=1 1320w\" sizes=\"auto, (max-width: 660px) 100vw, 660px\" \/><\/figure>\n\n\n\n<figure class=\"wp-block-image size-large\"><img data-recalc-dims=\"1\" loading=\"lazy\" decoding=\"async\" width=\"660\" height=\"440\" data-id=\"23211\" src=\"https:\/\/i0.wp.com\/www.danilocoluccio.com\/wp-content\/uploads\/2026\/08\/lido-riva-diva-beach-fotografo-04-3.jpg-3.jpg?resize=660%2C440&#038;ssl=1\" alt=\"Reportage di compleanno al Riva Diva Beach di Marina di Gioiosa Jonica, fotografie di Danilo Coluccio.\n\" class=\"wp-image-23211\" srcset=\"https:\/\/i0.wp.com\/www.danilocoluccio.com\/wp-content\/uploads\/2026\/08\/lido-riva-diva-beach-fotografo-04-3.jpg-3.jpg?resize=1024%2C683&amp;ssl=1 1024w, https:\/\/i0.wp.com\/www.danilocoluccio.com\/wp-content\/uploads\/2026\/08\/lido-riva-diva-beach-fotografo-04-3.jpg-3.jpg?resize=150%2C100&amp;ssl=1 150w, https:\/\/i0.wp.com\/www.danilocoluccio.com\/wp-content\/uploads\/2026\/08\/lido-riva-diva-beach-fotografo-04-3.jpg-3.jpg?resize=768%2C512&amp;ssl=1 768w, https:\/\/i0.wp.com\/www.danilocoluccio.com\/wp-content\/uploads\/2026\/08\/lido-riva-diva-beach-fotografo-04-3.jpg-3.jpg?resize=1536%2C1024&amp;ssl=1 1536w, https:\/\/i0.wp.com\/www.danilocoluccio.com\/wp-content\/uploads\/2026\/08\/lido-riva-diva-beach-fotografo-04-3.jpg-3.jpg?w=1800&amp;ssl=1 1800w, https:\/\/i0.wp.com\/www.danilocoluccio.com\/wp-content\/uploads\/2026\/08\/lido-riva-diva-beach-fotografo-04-3.jpg-3.jpg?w=1320&amp;ssl=1 1320w\" sizes=\"auto, (max-width: 660px) 100vw, 660px\" \/><\/figure>\n<\/figure>\n\n\n\n<p class=\"wp-block-paragraph\">&#x1f512;<mark style=\"background-color:rgba(0, 0, 0, 0);color:#214283\" class=\"has-inline-color\"> <\/mark><a href=\"https:\/\/www.danilocoluccio.com\/?page_id=23234\" data-type=\"page\" data-id=\"23234\"><strong><mark style=\"background-color:#0f1e36\" class=\"has-inline-color has-light-blue-color\">Area Riservata Invitati (Clicca qui per accedere alla galleria completa con password)<\/mark><\/strong><\/a><\/p>\n\n\n\n<p class=\"has-text-align-center wp-block-paragraph\" style=\"font-size:15px\"><em>Copyright \u00a9&nbsp;<a href=\"http:\/\/www.danilocoluccio.com\/\"><strong>Danilo Coluccio fotografo 2026<\/strong><\/a>&nbsp;\u2013 Tutti i diritti sono riservati.<\/em><\/p>\n\n\n\n<p class=\"has-text-align-center wp-block-paragraph\" style=\"font-size:15px\"><\/p>\n\n\n\n<p class=\"wp-block-paragraph\"><\/p>\n","protected":false},"excerpt":{"rendered":"<p>Ho avuto il piacere di fotografare il compleanno di Sergio Cremona \u2014 che ringrazio \u2014, eclettico imprenditore con attivit\u00e0 in Francia e figura di spicco all&#8217;estero come Presidente dell\u2019Associazione &#8220;Pr\u00e9sence Italienne nel Monde&#8221;, ma soprattutto calabrese doc e mio compaesano. Il Dott.Sergio, infatti, vive e lavora oltralpe, ma non dimentica le sue radici e trascorre &hellip; <a href=\"https:\/\/www.danilocoluccio.com\/?p=22784\" class=\"more-link\">Continua a leggere <span class=\"screen-reader-text\">AL COMPLEANNO DI SERGIO, RIVA DIVA BEACH<\/span><\/a><\/p>\n","protected":false},"author":1,"featured_media":23176,"comment_status":"open","ping_status":"open","sticky":false,"template":"","format":"standard","meta":{"_uag_custom_page_level_css":"","ngg_post_thumbnail":0,"_jetpack_newsletter_access":"","_jetpack_dont_email_post_to_subs":false,"_jetpack_newsletter_tier_id":0,"_jetpack_memberships_contains_paywalled_content":false,"_jetpack_feature_clip_id":0,"_jetpack_memberships_contains_paid_content":false,"footnotes":"","jetpack_post_was_ever_published":false},"categories":[1,16],"tags":[],"class_list":["post-22784","post","type-post","status-publish","format-standard","has-post-thumbnail","hentry","category-blog-blog","category-matrimonio-in-vetrina"],"yoast_head":"<!-- This site is optimized with the Yoast SEO plugin v28.3 - https:\/\/yoast.com\/product\/yoast-seo-wordpress\/ -->\n<title>Al compleanno di Sergio, Riva Diva Beach | Danilo Coluccio<\/title>\n<meta name=\"description\" content=\"Reportage fotografico di un compleanno speciale al Riva Diva Beach di Marina di Gioiosa Jonica. Fotografie dell&#039;evento a cura di Danilo Coluccio.\" \/>\n<meta name=\"robots\" content=\"index, follow, max-snippet:-1, max-image-preview:large, max-video-preview:-1\" \/>\n<link rel=\"canonical\" href=\"https:\/\/www.danilocoluccio.com\/?p=22784\" \/>\n<meta property=\"og:locale\" content=\"it_IT\" \/>\n<meta property=\"og:type\" content=\"article\" \/>\n<meta property=\"og:title\" content=\"Al compleanno di Sergio, Riva Diva Beach | Danilo Coluccio\" \/>\n<meta property=\"og:description\" content=\"Reportage fotografico di un compleanno speciale al Riva Diva Beach di Marina di Gioiosa Jonica. Fotografie dell&#039;evento a cura di Danilo Coluccio.\" \/>\n<meta property=\"og:url\" content=\"https:\/\/www.danilocoluccio.com\/?p=22784\" \/>\n<meta property=\"og:site_name\" content=\"Danilo Coluccio Fotografo\" \/>\n<meta property=\"article:published_time\" content=\"2026-08-24T14:46:05+00:00\" \/>\n<meta property=\"article:modified_time\" content=\"2026-08-25T09:29:55+00:00\" \/>\n<meta property=\"og:image\" content=\"https:\/\/www.danilocoluccio.com\/wp-content\/uploads\/2026\/08\/danilo-coluccio-fotografo-riva-diva-beach-01.jpg\" \/>\n\t<meta property=\"og:image:width\" content=\"1500\" \/>\n\t<meta property=\"og:image:height\" content=\"1000\" \/>\n\t<meta property=\"og:image:type\" content=\"image\/jpeg\" \/>\n<meta name=\"author\" content=\"Danilo Coluccio\" \/>\n<meta name=\"twitter:card\" content=\"summary_large_image\" \/>\n<meta name=\"twitter:label1\" content=\"Scritto da\" \/>\n\t<meta name=\"twitter:data1\" content=\"Danilo Coluccio\" \/>\n\t<meta name=\"twitter:label2\" content=\"Tempo di lettura stimato\" \/>\n\t<meta name=\"twitter:data2\" content=\"3 minuti\" \/>\n<script type=\"application\/ld+json\" class=\"yoast-schema-graph\">{\"@context\":\"https:\\\/\\\/schema.org\",\"@graph\":[{\"@type\":\"Article\",\"@id\":\"https:\\\/\\\/www.danilocoluccio.com\\\/?p=22784#article\",\"isPartOf\":{\"@id\":\"https:\\\/\\\/www.danilocoluccio.com\\\/?p=22784\"},\"author\":{\"name\":\"Danilo Coluccio\",\"@id\":\"https:\\\/\\\/www.danilocoluccio.com\\\/#\\\/schema\\\/person\\\/451f11510b9abed0031c1927f5cc19fa\"},\"headline\":\"AL COMPLEANNO DI SERGIO, RIVA DIVA BEACH\",\"datePublished\":\"2026-08-24T14:46:05+00:00\",\"dateModified\":\"2026-08-25T09:29:55+00:00\",\"mainEntityOfPage\":{\"@id\":\"https:\\\/\\\/www.danilocoluccio.com\\\/?p=22784\"},\"wordCount\":179,\"commentCount\":0,\"publisher\":{\"@id\":\"https:\\\/\\\/www.danilocoluccio.com\\\/#organization\"},\"image\":{\"@id\":\"https:\\\/\\\/www.danilocoluccio.com\\\/?p=22784#primaryimage\"},\"thumbnailUrl\":\"https:\\\/\\\/i0.wp.com\\\/www.danilocoluccio.com\\\/wp-content\\\/uploads\\\/2026\\\/08\\\/danilo-coluccio-fotografo-riva-diva-beach-01.jpg?fit=1500%2C1000&ssl=1\",\"articleSection\":[\"blog\",\"Matrimonio in vetrina\"],\"inLanguage\":\"it-IT\",\"potentialAction\":[{\"@type\":\"CommentAction\",\"name\":\"Comment\",\"target\":[\"https:\\\/\\\/www.danilocoluccio.com\\\/?p=22784#respond\"]}]},{\"@type\":\"WebPage\",\"@id\":\"https:\\\/\\\/www.danilocoluccio.com\\\/?p=22784\",\"url\":\"https:\\\/\\\/www.danilocoluccio.com\\\/?p=22784\",\"name\":\"Al compleanno di Sergio, Riva Diva Beach | Danilo Coluccio\",\"isPartOf\":{\"@id\":\"https:\\\/\\\/www.danilocoluccio.com\\\/#website\"},\"primaryImageOfPage\":{\"@id\":\"https:\\\/\\\/www.danilocoluccio.com\\\/?p=22784#primaryimage\"},\"image\":{\"@id\":\"https:\\\/\\\/www.danilocoluccio.com\\\/?p=22784#primaryimage\"},\"thumbnailUrl\":\"https:\\\/\\\/i0.wp.com\\\/www.danilocoluccio.com\\\/wp-content\\\/uploads\\\/2026\\\/08\\\/danilo-coluccio-fotografo-riva-diva-beach-01.jpg?fit=1500%2C1000&ssl=1\",\"datePublished\":\"2026-08-24T14:46:05+00:00\",\"dateModified\":\"2026-08-25T09:29:55+00:00\",\"description\":\"Reportage fotografico di un compleanno speciale al Riva Diva Beach di Marina di Gioiosa Jonica. Fotografie dell'evento a cura di Danilo Coluccio.\",\"breadcrumb\":{\"@id\":\"https:\\\/\\\/www.danilocoluccio.com\\\/?p=22784#breadcrumb\"},\"inLanguage\":\"it-IT\",\"potentialAction\":[{\"@type\":\"ReadAction\",\"target\":[\"https:\\\/\\\/www.danilocoluccio.com\\\/?p=22784\"]}]},{\"@type\":\"ImageObject\",\"inLanguage\":\"it-IT\",\"@id\":\"https:\\\/\\\/www.danilocoluccio.com\\\/?p=22784#primaryimage\",\"url\":\"https:\\\/\\\/i0.wp.com\\\/www.danilocoluccio.com\\\/wp-content\\\/uploads\\\/2026\\\/08\\\/danilo-coluccio-fotografo-riva-diva-beach-01.jpg?fit=1500%2C1000&ssl=1\",\"contentUrl\":\"https:\\\/\\\/i0.wp.com\\\/www.danilocoluccio.com\\\/wp-content\\\/uploads\\\/2026\\\/08\\\/danilo-coluccio-fotografo-riva-diva-beach-01.jpg?fit=1500%2C1000&ssl=1\",\"width\":1500,\"height\":1000},{\"@type\":\"BreadcrumbList\",\"@id\":\"https:\\\/\\\/www.danilocoluccio.com\\\/?p=22784#breadcrumb\",\"itemListElement\":[{\"@type\":\"ListItem\",\"position\":1,\"name\":\"Home\",\"item\":\"https:\\\/\\\/www.danilocoluccio.com\\\/\"},{\"@type\":\"ListItem\",\"position\":2,\"name\":\"AL COMPLEANNO DI SERGIO, RIVA DIVA BEACH\"}]},{\"@type\":\"WebSite\",\"@id\":\"https:\\\/\\\/www.danilocoluccio.com\\\/#website\",\"url\":\"https:\\\/\\\/www.danilocoluccio.com\\\/\",\"name\":\"Danilo Coluccio Fotografo\",\"description\":\"Blog | Fotografia di matrimonio in Italia | Wedding photography in Italy\",\"publisher\":{\"@id\":\"https:\\\/\\\/www.danilocoluccio.com\\\/#organization\"},\"potentialAction\":[{\"@type\":\"SearchAction\",\"target\":{\"@type\":\"EntryPoint\",\"urlTemplate\":\"https:\\\/\\\/www.danilocoluccio.com\\\/?s={search_term_string}\"},\"query-input\":{\"@type\":\"PropertyValueSpecification\",\"valueRequired\":true,\"valueName\":\"search_term_string\"}}],\"inLanguage\":\"it-IT\"},{\"@type\":\"Organization\",\"@id\":\"https:\\\/\\\/www.danilocoluccio.com\\\/#organization\",\"name\":\"Danilo Coluccio Fotografo\",\"url\":\"https:\\\/\\\/www.danilocoluccio.com\\\/\",\"logo\":{\"@type\":\"ImageObject\",\"inLanguage\":\"it-IT\",\"@id\":\"https:\\\/\\\/www.danilocoluccio.com\\\/#\\\/schema\\\/logo\\\/image\\\/\",\"url\":\"https:\\\/\\\/i0.wp.com\\\/www.danilocoluccio.com\\\/wp-content\\\/uploads\\\/2021\\\/01\\\/Danilo_Coluccio_blog_logos-1.jpg?fit=150%2C152&ssl=1\",\"contentUrl\":\"https:\\\/\\\/i0.wp.com\\\/www.danilocoluccio.com\\\/wp-content\\\/uploads\\\/2021\\\/01\\\/Danilo_Coluccio_blog_logos-1.jpg?fit=150%2C152&ssl=1\",\"width\":150,\"height\":152,\"caption\":\"Danilo Coluccio Fotografo\"},\"image\":{\"@id\":\"https:\\\/\\\/www.danilocoluccio.com\\\/#\\\/schema\\\/logo\\\/image\\\/\"}},{\"@type\":\"Person\",\"@id\":\"https:\\\/\\\/www.danilocoluccio.com\\\/#\\\/schema\\\/person\\\/451f11510b9abed0031c1927f5cc19fa\",\"name\":\"Danilo Coluccio\",\"image\":{\"@type\":\"ImageObject\",\"inLanguage\":\"it-IT\",\"@id\":\"https:\\\/\\\/secure.gravatar.com\\\/avatar\\\/211501cf0d22958341ee4f18f80dacfe078f566ca4b0ac730bc8e204701e279b?s=96&d=identicon&r=g\",\"url\":\"https:\\\/\\\/secure.gravatar.com\\\/avatar\\\/211501cf0d22958341ee4f18f80dacfe078f566ca4b0ac730bc8e204701e279b?s=96&d=identicon&r=g\",\"contentUrl\":\"https:\\\/\\\/secure.gravatar.com\\\/avatar\\\/211501cf0d22958341ee4f18f80dacfe078f566ca4b0ac730bc8e204701e279b?s=96&d=identicon&r=g\",\"caption\":\"Danilo Coluccio\"},\"description\":\"Danilo Coluccio nasce a Siderno nel 1976, \u00e8 fotografo professionista dal 2001. Con oltre 100 fotografie\u00a0premiate a livello internazionale, \u00e8 tra i top fotografi di matrimonio nel mondo dal 2012.\u00a0Nel 2017 \u00e8 2\u00b0 nei finalisti del premio WPJA POY e AGWPJA Photographer of the Year.\",\"sameAs\":[\"https:\\\/\\\/www.danilocoluccio.com\"],\"url\":\"https:\\\/\\\/www.danilocoluccio.com\\\/?author=1\"}]}<\/script>\n<!-- \/ Yoast SEO plugin. -->","yoast_head_json":{"title":"Al compleanno di Sergio, Riva Diva Beach | Danilo Coluccio","description":"Reportage fotografico di un compleanno speciale al Riva Diva Beach di Marina di Gioiosa Jonica. Fotografie dell'evento a cura di Danilo Coluccio.","robots":{"index":"index","follow":"follow","max-snippet":"max-snippet:-1","max-image-preview":"max-image-preview:large","max-video-preview":"max-video-preview:-1"},"canonical":"https:\/\/www.danilocoluccio.com\/?p=22784","og_locale":"it_IT","og_type":"article","og_title":"Al compleanno di Sergio, Riva Diva Beach | Danilo Coluccio","og_description":"Reportage fotografico di un compleanno speciale al Riva Diva Beach di Marina di Gioiosa Jonica. Fotografie dell'evento a cura di Danilo Coluccio.","og_url":"https:\/\/www.danilocoluccio.com\/?p=22784","og_site_name":"Danilo Coluccio Fotografo","article_published_time":"2026-08-24T14:46:05+00:00","article_modified_time":"2026-08-25T09:29:55+00:00","og_image":[{"width":1500,"height":1000,"url":"https:\/\/www.danilocoluccio.com\/wp-content\/uploads\/2026\/08\/danilo-coluccio-fotografo-riva-diva-beach-01.jpg","type":"image\/jpeg"}],"author":"Danilo Coluccio","twitter_card":"summary_large_image","twitter_misc":{"Scritto da":"Danilo Coluccio","Tempo di lettura stimato":"3 minuti"},"schema":{"@context":"https:\/\/schema.org","@graph":[{"@type":"Article","@id":"https:\/\/www.danilocoluccio.com\/?p=22784#article","isPartOf":{"@id":"https:\/\/www.danilocoluccio.com\/?p=22784"},"author":{"name":"Danilo Coluccio","@id":"https:\/\/www.danilocoluccio.com\/#\/schema\/person\/451f11510b9abed0031c1927f5cc19fa"},"headline":"AL COMPLEANNO DI SERGIO, RIVA DIVA BEACH","datePublished":"2026-08-24T14:46:05+00:00","dateModified":"2026-08-25T09:29:55+00:00","mainEntityOfPage":{"@id":"https:\/\/www.danilocoluccio.com\/?p=22784"},"wordCount":179,"commentCount":0,"publisher":{"@id":"https:\/\/www.danilocoluccio.com\/#organization"},"image":{"@id":"https:\/\/www.danilocoluccio.com\/?p=22784#primaryimage"},"thumbnailUrl":"https:\/\/i0.wp.com\/www.danilocoluccio.com\/wp-content\/uploads\/2026\/08\/danilo-coluccio-fotografo-riva-diva-beach-01.jpg?fit=1500%2C1000&ssl=1","articleSection":["blog","Matrimonio in vetrina"],"inLanguage":"it-IT","potentialAction":[{"@type":"CommentAction","name":"Comment","target":["https:\/\/www.danilocoluccio.com\/?p=22784#respond"]}]},{"@type":"WebPage","@id":"https:\/\/www.danilocoluccio.com\/?p=22784","url":"https:\/\/www.danilocoluccio.com\/?p=22784","name":"Al compleanno di Sergio, Riva Diva Beach | Danilo Coluccio","isPartOf":{"@id":"https:\/\/www.danilocoluccio.com\/#website"},"primaryImageOfPage":{"@id":"https:\/\/www.danilocoluccio.com\/?p=22784#primaryimage"},"image":{"@id":"https:\/\/www.danilocoluccio.com\/?p=22784#primaryimage"},"thumbnailUrl":"https:\/\/i0.wp.com\/www.danilocoluccio.com\/wp-content\/uploads\/2026\/08\/danilo-coluccio-fotografo-riva-diva-beach-01.jpg?fit=1500%2C1000&ssl=1","datePublished":"2026-08-24T14:46:05+00:00","dateModified":"2026-08-25T09:29:55+00:00","description":"Reportage fotografico di un compleanno speciale al Riva Diva Beach di Marina di Gioiosa Jonica. Fotografie dell'evento a cura di Danilo Coluccio.","breadcrumb":{"@id":"https:\/\/www.danilocoluccio.com\/?p=22784#breadcrumb"},"inLanguage":"it-IT","potentialAction":[{"@type":"ReadAction","target":["https:\/\/www.danilocoluccio.com\/?p=22784"]}]},{"@type":"ImageObject","inLanguage":"it-IT","@id":"https:\/\/www.danilocoluccio.com\/?p=22784#primaryimage","url":"https:\/\/i0.wp.com\/www.danilocoluccio.com\/wp-content\/uploads\/2026\/08\/danilo-coluccio-fotografo-riva-diva-beach-01.jpg?fit=1500%2C1000&ssl=1","contentUrl":"https:\/\/i0.wp.com\/www.danilocoluccio.com\/wp-content\/uploads\/2026\/08\/danilo-coluccio-fotografo-riva-diva-beach-01.jpg?fit=1500%2C1000&ssl=1","width":1500,"height":1000},{"@type":"BreadcrumbList","@id":"https:\/\/www.danilocoluccio.com\/?p=22784#breadcrumb","itemListElement":[{"@type":"ListItem","position":1,"name":"Home","item":"https:\/\/www.danilocoluccio.com\/"},{"@type":"ListItem","position":2,"name":"AL COMPLEANNO DI SERGIO, RIVA DIVA BEACH"}]},{"@type":"WebSite","@id":"https:\/\/www.danilocoluccio.com\/#website","url":"https:\/\/www.danilocoluccio.com\/","name":"Danilo Coluccio Fotografo","description":"Blog | Fotografia di matrimonio in Italia | Wedding photography in Italy","publisher":{"@id":"https:\/\/www.danilocoluccio.com\/#organization"},"potentialAction":[{"@type":"SearchAction","target":{"@type":"EntryPoint","urlTemplate":"https:\/\/www.danilocoluccio.com\/?s={search_term_string}"},"query-input":{"@type":"PropertyValueSpecification","valueRequired":true,"valueName":"search_term_string"}}],"inLanguage":"it-IT"},{"@type":"Organization","@id":"https:\/\/www.danilocoluccio.com\/#organization","name":"Danilo Coluccio Fotografo","url":"https:\/\/www.danilocoluccio.com\/","logo":{"@type":"ImageObject","inLanguage":"it-IT","@id":"https:\/\/www.danilocoluccio.com\/#\/schema\/logo\/image\/","url":"https:\/\/i0.wp.com\/www.danilocoluccio.com\/wp-content\/uploads\/2021\/01\/Danilo_Coluccio_blog_logos-1.jpg?fit=150%2C152&ssl=1","contentUrl":"https:\/\/i0.wp.com\/www.danilocoluccio.com\/wp-content\/uploads\/2021\/01\/Danilo_Coluccio_blog_logos-1.jpg?fit=150%2C152&ssl=1","width":150,"height":152,"caption":"Danilo Coluccio Fotografo"},"image":{"@id":"https:\/\/www.danilocoluccio.com\/#\/schema\/logo\/image\/"}},{"@type":"Person","@id":"https:\/\/www.danilocoluccio.com\/#\/schema\/person\/451f11510b9abed0031c1927f5cc19fa","name":"Danilo Coluccio","image":{"@type":"ImageObject","inLanguage":"it-IT","@id":"https:\/\/secure.gravatar.com\/avatar\/211501cf0d22958341ee4f18f80dacfe078f566ca4b0ac730bc8e204701e279b?s=96&d=identicon&r=g","url":"https:\/\/secure.gravatar.com\/avatar\/211501cf0d22958341ee4f18f80dacfe078f566ca4b0ac730bc8e204701e279b?s=96&d=identicon&r=g","contentUrl":"https:\/\/secure.gravatar.com\/avatar\/211501cf0d22958341ee4f18f80dacfe078f566ca4b0ac730bc8e204701e279b?s=96&d=identicon&r=g","caption":"Danilo Coluccio"},"description":"Danilo Coluccio nasce a Siderno nel 1976, \u00e8 fotografo professionista dal 2001. Con oltre 100 fotografie\u00a0premiate a livello internazionale, \u00e8 tra i top fotografi di matrimonio nel mondo dal 2012.\u00a0Nel 2017 \u00e8 2\u00b0 nei finalisti del premio WPJA POY e AGWPJA Photographer of the Year.","sameAs":["https:\/\/www.danilocoluccio.com"],"url":"https:\/\/www.danilocoluccio.com\/?author=1"}]}},"uagb_featured_image_src":{"full":["https:\/\/i0.wp.com\/www.danilocoluccio.com\/wp-content\/uploads\/2026\/08\/danilo-coluccio-fotografo-riva-diva-beach-01.jpg?fit=1500%2C1000&ssl=1",1500,1000,false],"thumbnail":["https:\/\/i0.wp.com\/www.danilocoluccio.com\/wp-content\/uploads\/2026\/08\/danilo-coluccio-fotografo-riva-diva-beach-01.jpg?resize=200%2C200&ssl=1",200,200,true],"medium":["https:\/\/i0.wp.com\/www.danilocoluccio.com\/wp-content\/uploads\/2026\/08\/danilo-coluccio-fotografo-riva-diva-beach-01.jpg?fit=150%2C100&ssl=1",150,100,true],"medium_large":["https:\/\/i0.wp.com\/www.danilocoluccio.com\/wp-content\/uploads\/2026\/08\/danilo-coluccio-fotografo-riva-diva-beach-01.jpg?fit=660%2C440&ssl=1",660,440,true],"large":["https:\/\/i0.wp.com\/www.danilocoluccio.com\/wp-content\/uploads\/2026\/08\/danilo-coluccio-fotografo-riva-diva-beach-01.jpg?fit=660%2C440&ssl=1",660,440,true],"1536x1536":["https:\/\/i0.wp.com\/www.danilocoluccio.com\/wp-content\/uploads\/2026\/08\/danilo-coluccio-fotografo-riva-diva-beach-01.jpg?fit=1500%2C1000&ssl=1",1500,1000,true],"2048x2048":["https:\/\/i0.wp.com\/www.danilocoluccio.com\/wp-content\/uploads\/2026\/08\/danilo-coluccio-fotografo-riva-diva-beach-01.jpg?fit=1500%2C1000&ssl=1",1500,1000,true],"post-thumbnail":["https:\/\/i0.wp.com\/www.danilocoluccio.com\/wp-content\/uploads\/2026\/08\/danilo-coluccio-fotografo-riva-diva-beach-01.jpg?resize=825%2C510&ssl=1",825,510,true]},"uagb_author_info":{"display_name":"Danilo Coluccio","author_link":"https:\/\/www.danilocoluccio.com\/?author=1"},"uagb_comment_info":0,"uagb_excerpt":"Ho avuto il piacere di fotografare il compleanno di Sergio Cremona \u2014 che ringrazio \u2014, eclettico imprenditore con attivit\u00e0 in Francia e figura di spicco all&#8217;estero come Presidente dell\u2019Associazione &#8220;Pr\u00e9sence Italienne nel Monde&#8221;, ma soprattutto calabrese doc e mio compaesano. Il Dott.Sergio, infatti, vive e lavora oltralpe, ma non dimentica le sue radici e trascorre&hellip;","jetpack_shortlink":"https:\/\/wp.me\/phdags-5Vu","jetpack_sharing_enabled":true,"jetpack_likes_enabled":true,"jetpack_featured_media_url":"https:\/\/i0.wp.com\/www.danilocoluccio.com\/wp-content\/uploads\/2026\/08\/danilo-coluccio-fotografo-riva-diva-beach-01.jpg?fit=1500%2C1000&ssl=1","_links":{"self":[{"href":"https:\/\/www.danilocoluccio.com\/index.php?rest_route=\/wp\/v2\/posts\/22784","targetHints":{"allow":["GET"]}}],"collection":[{"href":"https:\/\/www.danilocoluccio.com\/index.php?rest_route=\/wp\/v2\/posts"}],"about":[{"href":"https:\/\/www.danilocoluccio.com\/index.php?rest_route=\/wp\/v2\/types\/post"}],"author":[{"embeddable":true,"href":"https:\/\/www.danilocoluccio.com\/index.php?rest_route=\/wp\/v2\/users\/1"}],"replies":[{"embeddable":true,"href":"https:\/\/www.danilocoluccio.com\/index.php?rest_route=%2Fwp%2Fv2%2Fcomments&post=22784"}],"version-history":[{"count":39,"href":"https:\/\/www.danilocoluccio.com\/index.php?rest_route=\/wp\/v2\/posts\/22784\/revisions"}],"predecessor-version":[{"id":23357,"href":"https:\/\/www.danilocoluccio.com\/index.php?rest_route=\/wp\/v2\/posts\/22784\/revisions\/23357"}],"wp:featuredmedia":[{"embeddable":true,"href":"https:\/\/www.danilocoluccio.com\/index.php?rest_route=\/wp\/v2\/media\/23176"}],"wp:attachment":[{"href":"https:\/\/www.danilocoluccio.com\/index.php?rest_route=%2Fwp%2Fv2%2Fmedia&parent=22784"}],"wp:term":[{"taxonomy":"category","embeddable":true,"href":"https:\/\/www.danilocoluccio.com\/index.php?rest_route=%2Fwp%2Fv2%2Fcategories&post=22784"},{"taxonomy":"post_tag","embeddable":true,"href":"https:\/\/www.danilocoluccio.com\/index.php?rest_route=%2Fwp%2Fv2%2Ftags&post=22784"}],"curies":[{"name":"wp","href":"https:\/\/api.w.org\/{rel}","templated":true}]}}